{"id":13750,"date":"2023-05-07T14:36:00","date_gmt":"2023-05-07T12:36:00","guid":{"rendered":"https:\/\/ecolenumerique.bj\/v1\/?p=13750"},"modified":"2025-05-14T13:22:31","modified_gmt":"2025-05-14T11:22:31","slug":"soutenance-des-trois-premieres-cohortes-de-technicien-dintervention-telecoms-de-lecole-des-metiers-du-numerique","status":"publish","type":"post","link":"https:\/\/ecolenumerique.bj\/en\/soutenance-des-trois-premieres-cohortes-de-technicien-dintervention-telecoms-de-lecole-des-metiers-du-numerique\/","title":{"rendered":"Soutenance des trois premi\u00e8res cohortes de Technicien d&rsquo;Intervention T\u00e9l\u00e9coms de l&rsquo;Ecole des M\u00e9tiers du Num\u00e9rique"},"content":{"rendered":"<p>L\u2019<strong>Ecole des M\u00e9tiers du Num\u00e9rique<\/strong> a d\u00e9j\u00e0 c\u00e9l\u00e9br\u00e9 la soutenance de ses <strong>trois premi\u00e8res cohortes de Technicien d\u2019Intervention T\u00e9l\u00e9coms<\/strong>. Les apprenants ont travaill\u00e9 dur pendant plusieurs mois pour acqu\u00e9rir les comp\u00e9tences et les connaissances n\u00e9cessaires pour intervenir sur les <strong>r\u00e9seaux de t\u00e9l\u00e9communications<\/strong>, notamment la <strong>fibre optique<\/strong>, et ils ont r\u00e9ussi avec succ\u00e8s leur examen final.<\/p>\n\n\n\n<p>Tous ces apprenants certifi\u00e9s sont d\u00e9j\u00e0 ins\u00e9r\u00e9s en majorit\u00e9 dans des entreprises. Leurs comp\u00e9tences et leurs connaissances ont \u00e9t\u00e9 tr\u00e8s appr\u00e9ci\u00e9es par les employeurs, qui cherchent des professionnels qualifi\u00e9s pour maintenir et d\u00e9velopper leurs infrastructures de t\u00e9l\u00e9communications. Les entreprises sont ravies de constater que les apprenants sont op\u00e9rationnels d\u00e8s leur sortie de formation, et qu\u2019ils peuvent \u00eatre imm\u00e9diatement int\u00e9gr\u00e9s dans les \u00e9quipes existantes.<\/p>\n\n\n\n<p>Cette r\u00e9ussite est le fruit de l\u2019engagement et du d\u00e9vouement des apprenants, ainsi que du soutien et de l\u2019encadrement de l\u2019\u00e9quipe p\u00e9dagogique de l\u2019<strong>Ecole des M\u00e9tiers du Num\u00e9rique<\/strong>. L\u2019\u00e9cole a mis en place un programme de formation rigoureux et pratique, en s\u2019appuyant sur des partenariats avec des entreprises, son plateau technique unique dans la sous-r\u00e9gion et des experts du secteur des t\u00e9l\u00e9communications, pour offrir \u00e0 ses apprenants une formation de qualit\u00e9, adapt\u00e9e aux besoins du march\u00e9.<\/p>\n\n\n\n<p>Les apprenants ont suivi des <strong>cours th\u00e9oriques et pratiques<\/strong> sur les toutes les technologies de la fibre optique, ainsi que sur les normes et les r\u00e9glementations en vigueur. Ils ont \u00e9galement eu l\u2019opportunit\u00e9 de mettre en pratique leurs connaissances dans des projets concrets, en travaillant sur des <strong>\u00e9quipements de t\u00e9l\u00e9communications de pointe<\/strong> disponibles sur le plateau technique.<\/p>\n\n\n\n<p>Cette r\u00e9ussite est une grande fiert\u00e9 pour l\u2019<strong>Ecole des M\u00e9tiers du Num\u00e9rique<\/strong>, qui a pour mission de former la prochaine g\u00e9n\u00e9ration de professionnels du num\u00e9rique en Afrique. Nous sommes convaincus que ces apprenants certifi\u00e9s continueront \u00e0 exceller dans leur carri\u00e8re professionnelle et contribueront \u00e0 la croissance et au d\u00e9veloppement de l\u2019industrie des t\u00e9l\u00e9communications en Afrique.<\/p>\n\n\n\n<p><strong>#EMN #EcoleNumerique #FibreOptique #TIC #InsertionProfessionnelle #Carri\u00e8resDigitales #Minist\u00e8reDuNum\u00e9rique #MESTFP #MESRS<\/strong><\/p>\n\n\n\n<p><\/p>","protected":false},"excerpt":{"rendered":"<p>L\u2019Ecole des M\u00e9tiers du Num\u00e9rique a d\u00e9j\u00e0 c\u00e9l\u00e9br\u00e9 la soutenance de ses trois premi\u00e8res cohortes de Technicien d\u2019Intervention T\u00e9l\u00e9coms. Les apprenants ont travaill\u00e9 dur pendant plusieurs mois pour acqu\u00e9rir les comp\u00e9tences et les connaissances n\u00e9cessaires pour intervenir sur les r\u00e9seaux de t\u00e9l\u00e9communications, notamment la fibre optique, et ils ont r\u00e9ussi avec succ\u00e8s leur examen final. [&hellip;]<\/p>","protected":false},"author":4,"featured_media":13753,"comment_status":"open","ping_status":"open","sticky":false,"template":"","format":"standard","meta":{"_monsterinsights_skip_tracking":false,"_monsterinsights_sitenote_active":false,"_monsterinsights_sitenote_note":"","_monsterinsights_sitenote_category":0,"footnotes":""},"categories":[1],"tags":[],"class_list":["post-13750","post","type-post","status-publish","format-standard","has-post-thumbnail","hentry","category-news"],"_links":{"self":[{"href":"https:\/\/ecolenumerique.bj\/en\/wp-json\/wp\/v2\/posts\/13750","targetHints":{"allow":["GET"]}}],"collection":[{"href":"https:\/\/ecolenumerique.bj\/en\/wp-json\/wp\/v2\/posts"}],"about":[{"href":"https:\/\/ecolenumerique.bj\/en\/wp-json\/wp\/v2\/types\/post"}],"author":[{"embeddable":true,"href":"https:\/\/ecolenumerique.bj\/en\/wp-json\/wp\/v2\/users\/4"}],"replies":[{"embeddable":true,"href":"https:\/\/ecolenumerique.bj\/en\/wp-json\/wp\/v2\/comments?post=13750"}],"version-history":[{"count":2,"href":"https:\/\/ecolenumerique.bj\/en\/wp-json\/wp\/v2\/posts\/13750\/revisions"}],"predecessor-version":[{"id":14605,"href":"https:\/\/ecolenumerique.bj\/en\/wp-json\/wp\/v2\/posts\/13750\/revisions\/14605"}],"wp:featuredmedia":[{"embeddable":true,"href":"https:\/\/ecolenumerique.bj\/en\/wp-json\/wp\/v2\/media\/13753"}],"wp:attachment":[{"href":"https:\/\/ecolenumerique.bj\/en\/wp-json\/wp\/v2\/media?parent=13750"}],"wp:term":[{"taxonomy":"category","embeddable":true,"href":"https:\/\/ecolenumerique.bj\/en\/wp-json\/wp\/v2\/categories?post=13750"},{"taxonomy":"post_tag","embeddable":true,"href":"https:\/\/ecolenumerique.bj\/en\/wp-json\/wp\/v2\/tags?post=13750"}],"curies":[{"name":"wp","href":"https:\/\/api.w.org\/{rel}","templated":true}]}}