{"id":13744,"date":"2023-05-07T14:34:00","date_gmt":"2023-05-07T12:34:00","guid":{"rendered":"https:\/\/ecolenumerique.bj\/v1\/?p=13744"},"modified":"2025-05-14T17:56:38","modified_gmt":"2025-05-14T15:56:38","slug":"atelier-de-consultation-et-de-renforcement-des-capacites-sur-les-tics-dans-le-domaine-de-leducation","status":"publish","type":"post","link":"https:\/\/ecolenumerique.bj\/en\/atelier-de-consultation-et-de-renforcement-des-capacites-sur-les-tics-dans-le-domaine-de-leducation\/","title":{"rendered":"Atelier de consultation et de renforcement des capacit\u00e9s sur les TICs dans le domaine de l&rsquo;Education"},"content":{"rendered":"<p>L\u2019<strong>Ecole des M\u00e9tiers du Num\u00e9rique<\/strong> \u00e0 S\u00e8m\u00e8 One a accueilli les <strong>12 et 13 d\u00e9cembre 2022<\/strong>, un <strong>atelier de consultation et de renforcement des capacit\u00e9s sur les TICs dans le domaine de l\u2019Education<\/strong>, organis\u00e9 par <strong>SMART AFRICA<\/strong>. Cet atelier avait pour objectif de rassembler des acteurs de l\u2019\u00e9ducation et des TICs pour discuter des d\u00e9fis et des opportunit\u00e9s de l\u2019utilisation des TICs pour am\u00e9liorer la qualit\u00e9 de l\u2019<strong>\u00e9ducation en Afrique<\/strong>, et renforcer les capacit\u00e9s des parties prenantes pour une utilisation plus efficace des TICs dans l\u2019enseignement.<\/p>\n\n\n\n<p>L\u2019atelier a r\u00e9uni des participants de diff\u00e9rents horizons : des <strong>repr\u00e9sentants de minist\u00e8res de l\u2019\u00e9ducation<\/strong>, des <strong>institutions de formation<\/strong>, des <strong>organisations de la soci\u00e9t\u00e9 civile<\/strong>, des <strong>partenaires techniques et financiers<\/strong>, des <strong>entreprises priv\u00e9es<\/strong> et des <strong>experts du domaine des TICs dans l\u2019\u00e9ducation<\/strong>. Au cours de l\u2019atelier, les participants ont partag\u00e9 leurs exp\u00e9riences et leurs bonnes pratiques, discut\u00e9 des d\u00e9fis li\u00e9s \u00e0 l\u2019utilisation des TICs dans l\u2019\u00e9ducation, et identifi\u00e9 des solutions innovantes pour surmonter ces d\u00e9fis.<\/p>\n\n\n\n<p>L\u2019atelier a \u00e9galement \u00e9t\u00e9 l\u2019occasion de renforcer les capacit\u00e9s des participants en mati\u00e8re d\u2019utilisation des TICs pour l\u2019enseignement, \u00e0 travers des sessions de formation, des d\u00e9monstrations de solutions TICs, des pr\u00e9sentations de projets innovants et des \u00e9changes d\u2019exp\u00e9riences entre pairs. Les participants ont ainsi pu d\u00e9couvrir de nouvelles approches p\u00e9dagogiques, des outils et des technologies \u00e9ducatives, et des projets pilotes en cours dans diff\u00e9rents pays africains.<\/p>\n\n\n\n<p>L\u2019<strong>Ecole des M\u00e9tiers du Num\u00e9rique<\/strong> a apport\u00e9 une contribution significative \u00e0 l\u2019organisation de cet atelier, en mettant \u00e0 disposition ses infrastructures et ses \u00e9quipements de pointe pour les <strong>sessions de formation et les d\u00e9monstrations de solutions TICs<\/strong>. L\u2019\u00e9cole a \u00e9galement propos\u00e9 des <strong>projets pilotes innovants<\/strong>, d\u00e9velopp\u00e9s en collaboration avec des partenaires locaux et internationaux, pour montrer comment les TICs peuvent \u00eatre utilis\u00e9es pour am\u00e9liorer la qualit\u00e9 de l\u2019enseignement et de l\u2019apprentissage.<\/p>\n\n\n\n<p>Cet atelier a \u00e9t\u00e9 une opportunit\u00e9 unique pour les participants de partager leurs connaissances, d\u2019apprendre les uns des autres et de renforcer leurs capacit\u00e9s pour une utilisation plus efficace des TICs dans l\u2019\u00e9ducation. L\u2019atelier a \u00e9galement permis de renforcer les partenariats entre les diff\u00e9rents acteurs du domaine des TICs dans l\u2019\u00e9ducation en Afrique, et de cr\u00e9er des synergies pour des actions futures.<\/p>\n\n\n\n<p>L\u2019<strong>Ecole des M\u00e9tiers du Num\u00e9rique<\/strong> est fi\u00e8re d\u2019avoir accueilli cet atelier et de faire partie de cette initiative qui contribue \u00e0 am\u00e9liorer l\u2019\u00e9ducation gr\u00e2ce aux TICs. L\u2019\u00e9cole continue de jouer un r\u00f4le cl\u00e9 dans la formation des professionnels du num\u00e9rique en Afrique, en fournissant des programmes de formation adapt\u00e9s aux besoins du march\u00e9 et en s\u2019appuyant sur des partenariats avec des entreprises et des experts du secteur. Nous sommes convaincus que les comp\u00e9tences et les connaissances acquises lors de cet atelier contribueront \u00e0 renforcer la capacit\u00e9 des acteurs cl\u00e9s de l\u2019<strong>\u00e9ducation en Afrique<\/strong> \u00e0 utiliser les TICs pour am\u00e9liorer l\u2019enseignement et l\u2019apprentissage.<\/p>","protected":false},"excerpt":{"rendered":"<p>L\u2019Ecole des M\u00e9tiers du Num\u00e9rique \u00e0 S\u00e8m\u00e8 One a accueilli les 12 et 13 d\u00e9cembre 2022, un atelier de consultation et de renforcement des capacit\u00e9s sur les TICs dans le domaine de l\u2019Education, organis\u00e9 par SMART AFRICA. Cet atelier avait pour objectif de rassembler des acteurs de l\u2019\u00e9ducation et des TICs pour discuter des d\u00e9fis [&hellip;]<\/p>","protected":false},"author":4,"featured_media":14653,"comment_status":"open","ping_status":"open","sticky":false,"template":"","format":"standard","meta":{"_monsterinsights_skip_tracking":false,"_monsterinsights_sitenote_active":false,"_monsterinsights_sitenote_note":"","_monsterinsights_sitenote_category":0,"footnotes":""},"categories":[1],"tags":[],"class_list":["post-13744","post","type-post","status-publish","format-standard","has-post-thumbnail","hentry","category-news"],"_links":{"self":[{"href":"https:\/\/ecolenumerique.bj\/en\/wp-json\/wp\/v2\/posts\/13744","targetHints":{"allow":["GET"]}}],"collection":[{"href":"https:\/\/ecolenumerique.bj\/en\/wp-json\/wp\/v2\/posts"}],"about":[{"href":"https:\/\/ecolenumerique.bj\/en\/wp-json\/wp\/v2\/types\/post"}],"author":[{"embeddable":true,"href":"https:\/\/ecolenumerique.bj\/en\/wp-json\/wp\/v2\/users\/4"}],"replies":[{"embeddable":true,"href":"https:\/\/ecolenumerique.bj\/en\/wp-json\/wp\/v2\/comments?post=13744"}],"version-history":[{"count":2,"href":"https:\/\/ecolenumerique.bj\/en\/wp-json\/wp\/v2\/posts\/13744\/revisions"}],"predecessor-version":[{"id":14635,"href":"https:\/\/ecolenumerique.bj\/en\/wp-json\/wp\/v2\/posts\/13744\/revisions\/14635"}],"wp:featuredmedia":[{"embeddable":true,"href":"https:\/\/ecolenumerique.bj\/en\/wp-json\/wp\/v2\/media\/14653"}],"wp:attachment":[{"href":"https:\/\/ecolenumerique.bj\/en\/wp-json\/wp\/v2\/media?parent=13744"}],"wp:term":[{"taxonomy":"category","embeddable":true,"href":"https:\/\/ecolenumerique.bj\/en\/wp-json\/wp\/v2\/categories?post=13744"},{"taxonomy":"post_tag","embeddable":true,"href":"https:\/\/ecolenumerique.bj\/en\/wp-json\/wp\/v2\/tags?post=13744"}],"curies":[{"name":"wp","href":"https:\/\/api.w.org\/{rel}","templated":true}]}}