{"id":13681,"date":"2022-09-16T13:43:00","date_gmt":"2022-09-16T11:43:00","guid":{"rendered":"https:\/\/ecolenumerique.bj\/v1\/?p=13681"},"modified":"2025-05-14T17:43:32","modified_gmt":"2025-05-14T15:43:32","slug":"la-visite-de-la-ministre-du-numerique-et-de-la-digitalisation-a-lecole-des-metiers-du-numerique","status":"publish","type":"post","link":"https:\/\/ecolenumerique.bj\/en\/la-visite-de-la-ministre-du-numerique-et-de-la-digitalisation-a-lecole-des-metiers-du-numerique\/","title":{"rendered":"La visite de la Ministre du Num\u00e9rique et de la Digitalisation \u00e0 l\u2019Ecole des M\u00e9tiers du Num\u00e9rique"},"content":{"rendered":"<p>Dans le cadre des diff\u00e9rentes clauses issues du partenariat entre la <strong>SADA (Smart Africa Digital Acad\u00e9mie)<\/strong> et ses pays membres, il est sp\u00e9cifi\u00e9 de les former sur de bonnes comp\u00e9tences en mati\u00e8re de technologies innovantes. C\u2019est dans cette perspective qu\u2019une formation en <strong>Intelligence Artificielle<\/strong> et l\u2019autre en <strong>Cybers\u00e9curit\u00e9<\/strong> ont \u00e9t\u00e9 organis\u00e9es au Benin par <strong>Smart Africa<\/strong> en collaboration avec le <strong>Minist\u00e8re du Num\u00e9rique et de la Digitalisation<\/strong> au sein de des locaux de l\u2019<strong>\u00c9cole des M\u00e9tiers du Num\u00e9rique<\/strong>.<\/p>\n\n\n\n<p>C\u2019est donc dans ce cadre que la ministre a fait une visite sur le terrain le <strong>jeudi 08 septembre 2022<\/strong> apr\u00e8s la c\u00e9r\u00e9monie de lancement de <strong>Smart Africa<\/strong> au Benin. \u00a0Ainsi accompagn\u00e9e de son service de communication et d\u2019une forte d\u00e9l\u00e9gation de la SADA, elle s\u2019est rendue \u00e0 l EMN pour visiter les diff\u00e9rentes salles de formations et voir concr\u00e8tement o\u00f9 et comment se d\u00e9roulent les formations. Elle en a profit\u00e9 \u00e9galement pour visiter le plateau technique de l\u2019\u00e9cole. Ceci lui a permis d\u2019avoir quelques \u00e9changes avec les \u00e9tudiants inscrits \u00e0 la formation en <strong>Fibre optique<\/strong> dans le but de devenir des <strong>Techniciens d\u2019Intervention T\u00e9l\u00e9com<\/strong>.<\/p>\n\n\n\n<p>La Formation en <strong>Cybers\u00e9curit\u00e9<\/strong> s\u2019\u00e9tendra sur 10 jours. La formation en <strong>Intelligence artificielle<\/strong> se d\u00e9roulera sur 8 jours dont 5 jours de formation et 3 jours de pr\u00e9paration \u00e0 l\u2019examen. A la fin les candidats passeront l\u2019examen pour avoir leur certification.<\/p>","protected":false},"excerpt":{"rendered":"<p>Dans le cadre des diff\u00e9rentes clauses issues du partenariat entre la SADA (Smart Africa Digital Acad\u00e9mie) et ses pays membres, il est sp\u00e9cifi\u00e9 de les former sur de bonnes comp\u00e9tences en mati\u00e8re de technologies innovantes. C\u2019est dans cette perspective qu\u2019une formation en Intelligence Artificielle et l\u2019autre en Cybers\u00e9curit\u00e9 ont \u00e9t\u00e9 organis\u00e9es au Benin par Smart [&hellip;]<\/p>","protected":false},"author":4,"featured_media":14638,"comment_status":"open","ping_status":"open","sticky":false,"template":"","format":"standard","meta":{"_monsterinsights_skip_tracking":false,"_monsterinsights_sitenote_active":false,"_monsterinsights_sitenote_note":"","_monsterinsights_sitenote_category":0,"footnotes":""},"categories":[1],"tags":[],"class_list":["post-13681","post","type-post","status-publish","format-standard","has-post-thumbnail","hentry","category-news"],"_links":{"self":[{"href":"https:\/\/ecolenumerique.bj\/en\/wp-json\/wp\/v2\/posts\/13681","targetHints":{"allow":["GET"]}}],"collection":[{"href":"https:\/\/ecolenumerique.bj\/en\/wp-json\/wp\/v2\/posts"}],"about":[{"href":"https:\/\/ecolenumerique.bj\/en\/wp-json\/wp\/v2\/types\/post"}],"author":[{"embeddable":true,"href":"https:\/\/ecolenumerique.bj\/en\/wp-json\/wp\/v2\/users\/4"}],"replies":[{"embeddable":true,"href":"https:\/\/ecolenumerique.bj\/en\/wp-json\/wp\/v2\/comments?post=13681"}],"version-history":[{"count":3,"href":"https:\/\/ecolenumerique.bj\/en\/wp-json\/wp\/v2\/posts\/13681\/revisions"}],"predecessor-version":[{"id":14641,"href":"https:\/\/ecolenumerique.bj\/en\/wp-json\/wp\/v2\/posts\/13681\/revisions\/14641"}],"wp:featuredmedia":[{"embeddable":true,"href":"https:\/\/ecolenumerique.bj\/en\/wp-json\/wp\/v2\/media\/14638"}],"wp:attachment":[{"href":"https:\/\/ecolenumerique.bj\/en\/wp-json\/wp\/v2\/media?parent=13681"}],"wp:term":[{"taxonomy":"category","embeddable":true,"href":"https:\/\/ecolenumerique.bj\/en\/wp-json\/wp\/v2\/categories?post=13681"},{"taxonomy":"post_tag","embeddable":true,"href":"https:\/\/ecolenumerique.bj\/en\/wp-json\/wp\/v2\/tags?post=13681"}],"curies":[{"name":"wp","href":"https:\/\/api.w.org\/{rel}","templated":true}]}}