{"id":13621,"date":"2022-10-10T12:55:00","date_gmt":"2022-10-10T10:55:00","guid":{"rendered":"https:\/\/ecolenumerique.bj\/v1\/?p=13621"},"modified":"2025-05-06T13:19:25","modified_gmt":"2025-05-06T11:19:25","slug":"promotion-de-la-formation-professionnelle-lecole-des-metiers-du-numerique-inauguree","status":"publish","type":"post","link":"https:\/\/ecolenumerique.bj\/en\/promotion-de-la-formation-professionnelle-lecole-des-metiers-du-numerique-inauguree\/","title":{"rendered":"Promotion de la formation professionnelle: L\u2019Ecole des m\u00e9tiers du num\u00e9rique inaugur\u00e9e"},"content":{"rendered":"<h2 class=\"wp-block-heading\">Lancement ce 03 octobre 2022 \u00e0 Cotonou<\/h2>\n\n\n\n<p>L\u2019Ecole des m\u00e9tiers du num\u00e9rique et son plateau technique ont \u00e9t\u00e9 inaugur\u00e9s, ce lundi 3 octobre \u00e0 Cotonou. Dans son mot de bienvenue, Mathias Affoma\u00ef, pr\u00e9sident du conseil d\u2019Administration de l\u2019Ecole des m\u00e9tiers du Num\u00e9rique (EMN), a salu\u00e9 la mobilisation des membres du gouvernement \u00e0 la mise en service du plateau technique de cette \u00e9cole destin\u00e9e aux formations ax\u00e9es en priorit\u00e9 sur les m\u00e9tiers de la fibre optique afin de soutenir le d\u00e9ploiement de la fibre au B\u00e9nin et dans la sous-r\u00e9gion ouest-africaine. Pour lui, l\u2019EMN a vocation \u00e0 servir de mod\u00e8le dans la sous-r\u00e9gion conform\u00e9ment \u00e0 la vision du gouvernement de g\u00e9n\u00e9raliser l\u2019usage du num\u00e9rique. \u00ab Nos formations sont essentiellement pratiques pour r\u00e9pondre aux besoins r\u00e9els et op\u00e9rationnels des entreprises et ouvrent de multiples d\u00e9bouch\u00e9s, avec des entreprises locales, des entreprises de port\u00e9e internationale, voire de travailler dans des pays de la sous-r\u00e9gion ou au-del\u00e0 \u00bb, a-t-il indiqu\u00e9.<\/p>\n\n\n\n<p>Abondant dans le m\u00eame sens, Mme Aurelie Adam Soul\u00e9 Zoumarou, ministre du Num\u00e9rique et de la Digitalisation pense que cette c\u00e9r\u00e9monie marque un tournant important dans le secteur du num\u00e9rique au B\u00e9nin. \u00ab Le gouvernement fait de notre pays un Etat qui compte en mati\u00e8re de formation des ressources humaines comp\u00e9tentes dans le domaine du num\u00e9rique \u00bb, a-t-elle fait remarquer. A l\u2019en croire, l\u2019ambition du gouvernement du pr\u00e9sident Patrice Talon est de faire de l\u2019EMN une \u00e9cole qui forme pour les entreprises et offre des d\u00e9bouch\u00e9s aux apprenants \u00bb. Elle rappelle la volont\u00e9 du gouvernement d\u2019\u00e9tendre les formations \u00e0 d\u2019autres corps de m\u00e9tiers dans le num\u00e9rique. \u00abNous avons d\u00e9but\u00e9 par une formation des techniciens d\u2019interventions t\u00e9l\u00e9coms mais nous irons vers d\u2019autres corps de m\u00e9tiers \u00bb, a-t-elle fait savoir en relevant l\u2019attention du chef de l\u2019Etat et de l\u2019ensemble de son gouvernement pour ce projet.<\/p>\n\n\n\n<p>Pour M. Kouaro Yves Chabi, des Enseignements secondaire, technique et de la Formation professionnelle, la force de cette \u00e9cole est sa proximit\u00e9 avec les entreprises et son plateau technique avec un \u00e9quipement de pointe. \u00ab Cette \u00e9cole se veut un mod\u00e8le de r\u00e9f\u00e9rence pour les pays de la sous-r\u00e9gion en termes de formations pratiques et professionnalisant aux m\u00e9tiers du num\u00e9rique \u00bb, a-t-il confi\u00e9.<\/p>\n\n\n\n<p><strong>Cultiver l\u2019excellence<\/strong><\/p>\n\n\n\n<p>Pour lui, gr\u00e2ce au num\u00e9rique, l\u2019\u00e9ducation doit connaitre une v\u00e9ritable r\u00e9volution pour permettre \u00e0 la jeunesse de cultiver l\u2019excellence afin de faire face aux nombreux d\u00e9fis. \u00ab Je crois que c\u2019est une v\u00e9ritable opportunit\u00e9 offerte aux jeunes de se donner toutes les chances sur les march\u00e9s internationaux de travail \u00bb, a-t-il poursuivi. A l\u2019occasion, il a salu\u00e9 les partenaires internationaux et nationaux qui ont contribu\u00e9 \u00e0 la r\u00e9alisation de ce projet.<\/p>\n\n\n\n<p>Marc Vizy, ambassadeur de France pr\u00e8s le B\u00e9nin, est honor\u00e9 d\u2019\u00eatre associ\u00e9 \u00e0 ce projet qui est le fruit de la coop\u00e9ration entre la France et le B\u00e9nin.<br>Abdoulaye Bio Tchan\u00e9, ministre d\u2019Etat charg\u00e9 du D\u00e9veloppement et de la coordination de l\u2019Action gouvernementale, a rappel\u00e9 la vision du gouvernement en cr\u00e9ant cet \u00e9tablissement destin\u00e9 \u00e0 offrir une formation sp\u00e9cifique bas\u00e9e sur des apports pratiques et professionnels pour combler les besoins en ressources humaines des entreprises du secteur du num\u00e9rique au B\u00e9nin et dans la sous-r\u00e9gion. \u00ab Cette \u00e9cole t\u00e9moigne de la vision du gouvernement pour l\u2019enseignement technique et la formation professionnelle \u00bb, a-t-il d\u00e9clar\u00e9. Satisfait de l\u2019aboutissement de ce projet cher au pr\u00e9sident.<\/p>\n\n\n\n<p>Patrice Talon, il a f\u00e9licit\u00e9 les cadres des diff\u00e9rentes structures qui ont contribu\u00e9 \u00e0 la mise en place de cette \u00e9cole et de son plateau technique. Au regard de l\u2019int\u00e9r\u00eat du gouvernement pour cette \u00e9cole, le ministre d\u2019Etat a invit\u00e9 les responsables \u00e0 veiller \u00e0 une meilleure utilisation des infrastructures et \u00e9quipements. \u00abVous devez penser au sch\u00e9ma de maintenance et d\u2019entretien de cette infrastructure afin que nous ne courions le risque de voir les investissements importants se dissoudre avant \u00e9ch\u00e9ance \u00bb, a-t-il pr\u00e9conis\u00e9?<\/p>\n\n\n\n<p>Source : La Nation<\/p>","protected":false},"excerpt":{"rendered":"<p>Lancement ce 03 octobre 2022 \u00e0 Cotonou L\u2019Ecole des m\u00e9tiers du num\u00e9rique et son plateau technique ont \u00e9t\u00e9 inaugur\u00e9s, ce lundi 3 octobre \u00e0 Cotonou. Dans son mot de bienvenue, Mathias Affoma\u00ef, pr\u00e9sident du conseil d\u2019Administration de l\u2019Ecole des m\u00e9tiers du Num\u00e9rique (EMN), a salu\u00e9 la mobilisation des membres du gouvernement \u00e0 la mise en [&hellip;]<\/p>","protected":false},"author":2,"featured_media":13624,"comment_status":"open","ping_status":"open","sticky":false,"template":"","format":"standard","meta":{"_monsterinsights_skip_tracking":false,"_monsterinsights_sitenote_active":false,"_monsterinsights_sitenote_note":"","_monsterinsights_sitenote_category":0,"footnotes":""},"categories":[1],"tags":[],"class_list":["post-13621","post","type-post","status-publish","format-standard","has-post-thumbnail","hentry","category-news"],"_links":{"self":[{"href":"https:\/\/ecolenumerique.bj\/en\/wp-json\/wp\/v2\/posts\/13621","targetHints":{"allow":["GET"]}}],"collection":[{"href":"https:\/\/ecolenumerique.bj\/en\/wp-json\/wp\/v2\/posts"}],"about":[{"href":"https:\/\/ecolenumerique.bj\/en\/wp-json\/wp\/v2\/types\/post"}],"author":[{"embeddable":true,"href":"https:\/\/ecolenumerique.bj\/en\/wp-json\/wp\/v2\/users\/2"}],"replies":[{"embeddable":true,"href":"https:\/\/ecolenumerique.bj\/en\/wp-json\/wp\/v2\/comments?post=13621"}],"version-history":[{"count":2,"href":"https:\/\/ecolenumerique.bj\/en\/wp-json\/wp\/v2\/posts\/13621\/revisions"}],"predecessor-version":[{"id":13633,"href":"https:\/\/ecolenumerique.bj\/en\/wp-json\/wp\/v2\/posts\/13621\/revisions\/13633"}],"wp:featuredmedia":[{"embeddable":true,"href":"https:\/\/ecolenumerique.bj\/en\/wp-json\/wp\/v2\/media\/13624"}],"wp:attachment":[{"href":"https:\/\/ecolenumerique.bj\/en\/wp-json\/wp\/v2\/media?parent=13621"}],"wp:term":[{"taxonomy":"category","embeddable":true,"href":"https:\/\/ecolenumerique.bj\/en\/wp-json\/wp\/v2\/categories?post=13621"},{"taxonomy":"post_tag","embeddable":true,"href":"https:\/\/ecolenumerique.bj\/en\/wp-json\/wp\/v2\/tags?post=13621"}],"curies":[{"name":"wp","href":"https:\/\/api.w.org\/{rel}","templated":true}]}}